{"id":6708,"date":"2024-03-15T11:01:37","date_gmt":"2024-03-15T14:01:37","guid":{"rendered":"https:\/\/aupp.edu.py\/v2\/?p=6708"},"modified":"2024-03-15T11:30:15","modified_gmt":"2024-03-15T14:30:15","slug":"rectores-chilenos-y-paraguayos-reflexionan-la-realidad-de-la-educacion-superior","status":"publish","type":"post","link":"https:\/\/aupp.edu.py\/v2\/?p=6708","title":{"rendered":"Rectores chilenos y paraguayos reflexionan la realidad de la Educaci\u00f3n Superior"},"content":{"rendered":"\n<p>Se desarroll\u00f3 la reuni\u00f3n de rectores chilenos y paraguayos con los viceministros de educaci\u00f3n superior, el d\u00eda jueves 14 de marzo de 2024, en Brasilia-<\/p>\n\n\n\n<p>Esta actividad se lleva a cabo en el marco de la \u201cIII Conferencia Regional de Educaci\u00f3n Superior para Am\u00e9rica Latina y el Caribe (CRES 2018) que tiene lugar en Brasilia (DF), del 13 al 15 de marzo, y se discutir\u00e1n 12 ejes tem\u00e1ticos para evaluar cu\u00e1nto han avanzado los sistemas de educaci\u00f3n superior de la regi\u00f3n. La reuni\u00f3n de rectores chilenos y paraguayos con los viceministros de educaci\u00f3n superior representa un paso importante para el fortalecimiento de la cooperaci\u00f3n entre ambos pa\u00edses en materia de educaci\u00f3n superior.<\/p>\n","protected":false},"excerpt":{"rendered":"<p>Se desarroll\u00f3 la reuni\u00f3n de rectores chilenos y paraguayos con los viceministros de educaci\u00f3n superior, el d\u00eda jueves 14 de [&hellip;]<\/p>\n","protected":false},"author":2,"featured_media":6709,"comment_status":"closed","ping_status":"closed","sticky":false,"template":"","format":"standard","meta":{"_EventAllDay":false,"_EventTimezone":"","_EventStartDate":"","_EventEndDate":"","_EventStartDateUTC":"","_EventEndDateUTC":"","_EventShowMap":false,"_EventShowMapLink":false,"_EventURL":"","_EventCost":"","_EventCostDescription":"","_EventCurrencySymbol":"","_EventCurrencyCode":"","_EventCurrencyPosition":"","_EventDateTimeSeparator":"","_EventTimeRangeSeparator":"","_EventOrganizerID":[],"_EventVenueID":[],"_OrganizerEmail":"","_OrganizerPhone":"","_OrganizerWebsite":"","_VenueAddress":"","_VenueCity":"","_VenueCountry":"","_VenueProvince":"","_VenueState":"","_VenueZip":"","_VenuePhone":"","_VenueURL":"","_VenueStateProvince":"","_VenueLat":"","_VenueLng":"","_VenueShowMap":false,"_VenueShowMapLink":false,"footnotes":""},"categories":[2],"tags":[151],"class_list":["post-6708","post","type-post","status-publish","format-standard","has-post-thumbnail","hentry","category-blog","tag-aupp"],"_links":{"self":[{"href":"https:\/\/aupp.edu.py\/v2\/index.php?rest_route=\/wp\/v2\/posts\/6708","targetHints":{"allow":["GET"]}}],"collection":[{"href":"https:\/\/aupp.edu.py\/v2\/index.php?rest_route=\/wp\/v2\/posts"}],"about":[{"href":"https:\/\/aupp.edu.py\/v2\/index.php?rest_route=\/wp\/v2\/types\/post"}],"author":[{"embeddable":true,"href":"https:\/\/aupp.edu.py\/v2\/index.php?rest_route=\/wp\/v2\/users\/2"}],"replies":[{"embeddable":true,"href":"https:\/\/aupp.edu.py\/v2\/index.php?rest_route=%2Fwp%2Fv2%2Fcomments&post=6708"}],"version-history":[{"count":5,"href":"https:\/\/aupp.edu.py\/v2\/index.php?rest_route=\/wp\/v2\/posts\/6708\/revisions"}],"predecessor-version":[{"id":6730,"href":"https:\/\/aupp.edu.py\/v2\/index.php?rest_route=\/wp\/v2\/posts\/6708\/revisions\/6730"}],"wp:featuredmedia":[{"embeddable":true,"href":"https:\/\/aupp.edu.py\/v2\/index.php?rest_route=\/wp\/v2\/media\/6709"}],"wp:attachment":[{"href":"https:\/\/aupp.edu.py\/v2\/index.php?rest_route=%2Fwp%2Fv2%2Fmedia&parent=6708"}],"wp:term":[{"taxonomy":"category","embeddable":true,"href":"https:\/\/aupp.edu.py\/v2\/index.php?rest_route=%2Fwp%2Fv2%2Fcategories&post=6708"},{"taxonomy":"post_tag","embeddable":true,"href":"https:\/\/aupp.edu.py\/v2\/index.php?rest_route=%2Fwp%2Fv2%2Ftags&post=6708"}],"curies":[{"name":"wp","href":"https:\/\/api.w.org\/{rel}","templated":true}]}}