{"id":6745,"date":"2024-04-17T13:43:57","date_gmt":"2024-04-17T17:43:57","guid":{"rendered":"https:\/\/aupp.edu.py\/v2\/?p=6745"},"modified":"2024-04-17T13:43:58","modified_gmt":"2024-04-17T17:43:58","slug":"rector-de-la-uni-en-el-ix-foro-rst-responsabilidad-social-territorial","status":"publish","type":"post","link":"https:\/\/aupp.edu.py\/v2\/?p=6745","title":{"rendered":"Rector de la UNI en el \u201cIX Foro RST Responsabilidad Social Territorial"},"content":{"rendered":"\n<p>Con el lema: \u201cContribuciones de las Instituciones a nuevos contextos de paz\u201d, el presidente de la AUPP y rector de la Universidad Nacional de Itap\u00faa, Prof. Dr. Hermenegildo Cohene Vel\u00e1zquez, integra el \u201cIX Foro RST Responsabilidad Social Territorial\u201d y representa a las Universidades P\u00fablicas de nuestro pa\u00eds.<\/p>\n\n\n\n<p>El foro es llevado a cabo en Italia ante la participaci\u00f3n de actores clave de la educaci\u00f3n y la cultura a nivel mundial del 14 al 17 de abril de 2024. &nbsp;<\/p>\n\n\n\n<p>Hoy martes, 16 de abril, el Rector de la UNI y presidente de la Asociaci\u00f3n de Universidades P\u00fablicas del Paraguay (AUPP), fue parte integrante del Foro de autoridades y acad\u00e9micos: \u201cCultura para la paz\u201d, acto que program\u00f3 el saludo del Excelent\u00edsimo Monse\u00f1or Vicenzo Zani Archivista y Bibliotecario de la Santa Romana Iglesia, Ciudad del Vaticano; Roma-Italia.<\/p>\n\n\n\n<p>El Foro, que se cierra el 17 de abril con una audiencia papal, cuenta con representantes de Chile, Colombia, Costa Rica, Cuba, Espa\u00f1a, Estado de la Ciudad del Vaticano, Estados Unidos de Am\u00e9rica, Guatemala, Italia, Nicaragua, M\u00e9xico, Per\u00fa, Puerto Rico y Venezuela, adem\u00e1s de Paraguay.&nbsp;<strong>&nbsp;<\/strong><\/p>\n\n\n\n<p>La iniciativa de este encuentro est\u00e1 a cargo del Observatorio Regional de Responsabilidad Social Am\u00e9rica Latina y el Caribe (ORSALC) y la entidad civil italiana&nbsp;<strong><a href=\"https:\/\/www.amka.it\/nuestra-historia-2\/\">AMKA<\/a><\/strong>, que significa \u201cdespi\u00e9rtate\u201d, \u201clev\u00e1ntate\u201d en idioma Swahili (lengua africana hablada en Kenia y Tanzania-\u00c1frica).<\/p>\n\n\n\n<p><strong>Fundamentos<\/strong><\/p>\n\n\n\n<p>De acuerdo a los argumentos de esta asociaci\u00f3n, apunta a la atenci\u00f3n de las necesidades sociales, culturales y educativas, \u201crealidades muy consolidadas en sus propios entornos de cobertura, as\u00ed como en sus actividades espec\u00edficas. ORSALC es un punto de referencia primero como programa tem\u00e1tico UNESCO, a trav\u00e9s del Instituto de Educaci\u00f3n Superior de Am\u00e9rica Latina y el Caribe IESALC (2012-2019) y luego como organizaci\u00f3n de la sociedad civil (2019-2024) siguiendo el objetivo de desarrollo sostenible 17 agenda 2030 de la Organizaci\u00f3n de las Naciones Unidas (ONU); ORSALC se ha convertido en uno de los puntos de referencia de la responsabilidad social territorial en am\u00e9rica latina y el caribe con su bater\u00eda de indicadores, con sus estudios referenciales comparados y con sus foros estrat\u00e9gicos.<\/p>\n\n\n\n<p>Por su parte AMKA con sus principios fundacionales y constitucionales de la cooperaci\u00f3n y el voluntariado, entendidos como acompa\u00f1amiento juicioso, sistem\u00e1tico y program\u00e1tico, ha permitido ejecutar programas y servicios de acompa\u00f1amiento directo a poblaciones en situaci\u00f3n de absoluta vulnerabilidad en Congo (\u00c1frica) y Guatemala (Am\u00e9rica).<\/p>\n\n\n\n<p>ORSALC y AMKA han demostrado claramente la posibilidad y riqueza de la cooperaci\u00f3n Sur-Sur. Por lo tanto, presentan a esta asociaci\u00f3n con la premisa \u201cReimaginar nuestros futuros educativos\u201d, donde la rehumanizaci\u00f3n y la territorialidad responsable generan nuevos acuerdos program\u00e1ticos.<\/p>\n\n\n\n<p><strong>&nbsp;Objetivos<\/strong><\/p>\n\n\n\n<p>Son sus objetivos, 1) Mantener el esquema metodol\u00f3gico FORO ORSALC 2016 como ejercicio de estar fuera para poder generar consensos, 2) Focalizar el tema de la paz a trav\u00e9s de un di\u00e1logo estrat\u00e9gico antes que sin\u00f3ptico descriptivo; di\u00e1logo que por lo dem\u00e1s reconoce la identidad (diferencia y semejanza) entre las partes interesadas: gobiernos, sector productivo y empresarial, sector financiero, sector educativo, comunidades, organizaciones, asociaciones ODS 16 Y 17; 3) Compartir pr\u00e1cticas formativas para generar cambios espec\u00edficos en comunidades con elementos de juicio nacidos de n\u00facleos curriculares e interdisciplinarios; 4) Establecer instrumentos para intervenci\u00f3n solidaria institucional y comunitaria y 5) Fortalecer pedagog\u00edas y nuevas did\u00e1cticas basadas en el voluntariado como sustento epist\u00e9mico de los territorios, fundamentado en principios bio\u00e9ticos y biest\u00e9ticos.<\/p>\n","protected":false},"excerpt":{"rendered":"<p>Con el lema: \u201cContribuciones de las Instituciones a nuevos contextos de paz\u201d, el presidente de la AUPP y rector de [&hellip;]<\/p>\n","protected":false},"author":2,"featured_media":6746,"comment_status":"closed","ping_status":"closed","sticky":false,"template":"","format":"standard","meta":{"_EventAllDay":false,"_EventTimezone":"","_EventStartDate":"","_EventEndDate":"","_EventStartDateUTC":"","_EventEndDateUTC":"","_EventShowMap":false,"_EventShowMapLink":false,"_EventURL":"","_EventCost":"","_EventCostDescription":"","_EventCurrencySymbol":"","_EventCurrencyCode":"","_EventCurrencyPosition":"","_EventDateTimeSeparator":"","_EventTimeRangeSeparator":"","_EventOrganizerID":[],"_EventVenueID":[],"_OrganizerEmail":"","_OrganizerPhone":"","_OrganizerWebsite":"","_VenueAddress":"","_VenueCity":"","_VenueCountry":"","_VenueProvince":"","_VenueState":"","_VenueZip":"","_VenuePhone":"","_VenueURL":"","_VenueStateProvince":"","_VenueLat":"","_VenueLng":"","_VenueShowMap":false,"_VenueShowMapLink":false,"footnotes":""},"categories":[2],"tags":[151],"class_list":["post-6745","post","type-post","status-publish","format-standard","has-post-thumbnail","hentry","category-blog","tag-aupp"],"_links":{"self":[{"href":"https:\/\/aupp.edu.py\/v2\/index.php?rest_route=\/wp\/v2\/posts\/6745","targetHints":{"allow":["GET"]}}],"collection":[{"href":"https:\/\/aupp.edu.py\/v2\/index.php?rest_route=\/wp\/v2\/posts"}],"about":[{"href":"https:\/\/aupp.edu.py\/v2\/index.php?rest_route=\/wp\/v2\/types\/post"}],"author":[{"embeddable":true,"href":"https:\/\/aupp.edu.py\/v2\/index.php?rest_route=\/wp\/v2\/users\/2"}],"replies":[{"embeddable":true,"href":"https:\/\/aupp.edu.py\/v2\/index.php?rest_route=%2Fwp%2Fv2%2Fcomments&post=6745"}],"version-history":[{"count":2,"href":"https:\/\/aupp.edu.py\/v2\/index.php?rest_route=\/wp\/v2\/posts\/6745\/revisions"}],"predecessor-version":[{"id":6748,"href":"https:\/\/aupp.edu.py\/v2\/index.php?rest_route=\/wp\/v2\/posts\/6745\/revisions\/6748"}],"wp:featuredmedia":[{"embeddable":true,"href":"https:\/\/aupp.edu.py\/v2\/index.php?rest_route=\/wp\/v2\/media\/6746"}],"wp:attachment":[{"href":"https:\/\/aupp.edu.py\/v2\/index.php?rest_route=%2Fwp%2Fv2%2Fmedia&parent=6745"}],"wp:term":[{"taxonomy":"category","embeddable":true,"href":"https:\/\/aupp.edu.py\/v2\/index.php?rest_route=%2Fwp%2Fv2%2Fcategories&post=6745"},{"taxonomy":"post_tag","embeddable":true,"href":"https:\/\/aupp.edu.py\/v2\/index.php?rest_route=%2Fwp%2Fv2%2Ftags&post=6745"}],"curies":[{"name":"wp","href":"https:\/\/api.w.org\/{rel}","templated":true}]}}